{"id":3227,"date":"2026-09-05T13:03:09","date_gmt":"2026-09-05T12:03:09","guid":{"rendered":"https:\/\/czernica.archidiecezja.wroc.pl\/live\/?p=3227"},"modified":"2026-09-05T13:03:09","modified_gmt":"2026-09-05T12:03:09","slug":"informacje-duszpasterskie-6-wrzesnia-2026","status":"publish","type":"post","link":"https:\/\/czernica.archidiecezja.wroc.pl\/live\/?p=3227","title":{"rendered":"INFORMACJE DUSZPASTERSKIE 6 wrze\u015bnia 2026"},"content":{"rendered":"<p>INFORMACJE DUSZPASTERSKIE &#8211;<strong> 6 wrze\u015bnia 2026<\/strong><br \/>\n1. Dzi\u015b, w niedziel\u0119 6 wrze\u015bnia adoracja po Mszy o godz. 8.00 do Mszy o godz. 11.50 w Czernicy.<br \/>\n2. Kancelaria parafialna w tym tygodniu wyj\u0105tkowo w poniedzia\u0142ek 7 wrze\u015bnia od 16:00 do 17:00 (kancelaria b\u0119dzie nieczynna we wtorek 8 wrze\u015bnia).<br \/>\n3. Spowied\u017a w naszej parafii zasadniczo 20 minut przed ka\u017cd\u0105 Msz\u0105 lub nabo\u017ce\u0144stwem.<br \/>\n4. We wtorek 8 wrze\u015bnia, z racji \u015bwi\u0119ta Narodzenia NMP, b\u0142ogos\u0142awie\u0144stwo ziarna na zasiew oraz nasion.<br \/>\n5. Parafia zaprasza serdecznie na uroczysto\u015bci odpustowe, kt\u00f3re rozpoczn\u0105 si\u0119 w pi\u0105tek (szczeg\u00f3\u0142y na plakacie). W przysz\u0142\u0105 niedziel\u0119 23. rocznica po\u015bwi\u0119cenia ko\u015bcio\u0142a parafialnego, a w poniedzia\u0142ek uroczysto\u015b\u0107 tytu\u0142u ko\u015bcio\u0142a. Sumie odpustowej o godz. 18:00 przewodniczy\u0142 b\u0119dzie ks. Jacek Dzikowski. Po Mszy w tym dniu mo\u017cliwo\u015b\u0107 uca\u0142owania\/oddania czci relikwiom Krzy\u017ca \u015awi\u0119tego.<br \/>\n6. Zapraszamy do udzia\u0142u w czuwaniu duchowie\u0144stwa i wiernych Archidiecezji Wroc\u0142awskiej na Jasnej G\u00f3rze w pi\u0105tek 18 wrze\u015bnia br. Wyjazd z Czernicy o godz. 13:00, powr\u00f3t po Apelu Jasnog\u00f3rskim (w Czernicy ok. godz. 1:00). Koszt 100 z\u0142, zapisy w zakrystiach ko\u015bcio\u0142\u00f3w w Czernicy i Wojnowicach.<br \/>\n7. W niedziel\u0119 20 wrze\u015bnia br. podczas Mszy o godz. 12.00 odb\u0119dzie si\u0119 b\u0142ogos\u0142awie\u0144stwo dzieci rozpoczynaj\u0105cych nowy rok szkolny i katechetyczny oraz po\u015bwi\u0119cenie &#8222;tornistr\u00f3w&#8221;.<br \/>\n8. Zapraszamy na Pielgrzymk\u0119 Nauczycieli, Wychowawc\u00f3w i Katechet\u00f3w do Henrykowa w sobot\u0119 12 wrze\u015bnia 2026 r.<br \/>\n9. Parafia przypomina, \u017ce udzia\u0142 w szkolnych lekcjach religii i przygotowanie w parafii s\u0105 integraln\u0105 cz\u0119\u015bci\u0105 przygotowania do przyj\u0119cia sakrament\u00f3w (I Komunii, Bierzmowania, Ma\u0142\u017ce\u0144stwa). Przypominamy zatem rodzicom dzieci i m\u0142odzie\u017cy klas pierwszych r\u00f3\u017cnych poziom\u00f3w edukacyjnych, \u017ce na lekcje religii nale\u017cy dzieci zapisa\u0107 sk\u0142adaj\u0105c w plac\u00f3wce o\u015bwiatowej o\u015bwiadczenie woli<br \/>\no ucz\u0119szczaniu na te zaj\u0119cia.<br \/>\n10. Serdeczne podzi\u0119kowanie za wszelkie ofiary sk\u0142adane w tym tygodniu na potrzeby naszej parafii. Dzi\u0119kujemy za kwiaty do ko\u015bcio\u0142\u00f3w. Wszystkim parafianom i go\u015bciom \u017cyczymy b\u0142ogos\u0142awionej niedzieli i dobrego tygodnia, spokojnego czasu wypoczynku, pracy i codziennych obowi\u0105zk\u00f3w.<br \/>\n\u2629 \u2629 \u2629 \u2629<\/p>\n","protected":false},"excerpt":{"rendered":"<p>INFORMACJE DUSZPASTERSKIE &#8211; 6 wrze\u015bnia 2026 1. Dzi\u015b, w niedziel\u0119 6 wrze\u015bnia adoracja po Mszy o godz. 8.00 do Mszy o godz. 11.50 w Czernicy. 2. Kancelaria parafialna w tym [&hellip;]<\/p>\n","protected":false},"author":1,"featured_media":0,"comment_status":"open","ping_status":"open","sticky":false,"template":"","format":"standard","meta":[],"categories":[4],"tags":[],"_links":{"self":[{"href":"https:\/\/czernica.archidiecezja.wroc.pl\/live\/index.php?rest_route=\/wp\/v2\/posts\/3227"}],"collection":[{"href":"https:\/\/czernica.archidiecezja.wroc.pl\/live\/index.php?rest_route=\/wp\/v2\/posts"}],"about":[{"href":"https:\/\/czernica.archidiecezja.wroc.pl\/live\/index.php?rest_route=\/wp\/v2\/types\/post"}],"author":[{"embeddable":true,"href":"https:\/\/czernica.archidiecezja.wroc.pl\/live\/index.php?rest_route=\/wp\/v2\/users\/1"}],"replies":[{"embeddable":true,"href":"https:\/\/czernica.archidiecezja.wroc.pl\/live\/index.php?rest_route=%2Fwp%2Fv2%2Fcomments&post=3227"}],"version-history":[{"count":1,"href":"https:\/\/czernica.archidiecezja.wroc.pl\/live\/index.php?rest_route=\/wp\/v2\/posts\/3227\/revisions"}],"predecessor-version":[{"id":3228,"href":"https:\/\/czernica.archidiecezja.wroc.pl\/live\/index.php?rest_route=\/wp\/v2\/posts\/3227\/revisions\/3228"}],"wp:attachment":[{"href":"https:\/\/czernica.archidiecezja.wroc.pl\/live\/index.php?rest_route=%2Fwp%2Fv2%2Fmedia&parent=3227"}],"wp:term":[{"taxonomy":"category","embeddable":true,"href":"https:\/\/czernica.archidiecezja.wroc.pl\/live\/index.php?rest_route=%2Fwp%2Fv2%2Fcategories&post=3227"},{"taxonomy":"post_tag","embeddable":true,"href":"https:\/\/czernica.archidiecezja.wroc.pl\/live\/index.php?rest_route=%2Fwp%2Fv2%2Ftags&post=3227"}],"curies":[{"name":"wp","href":"https:\/\/api.w.org\/{rel}","templated":true}]}}